{"id":159064,"date":"2025-04-03T21:40:14","date_gmt":"2025-04-03T13:40:14","guid":{"rendered":"https:\/\/www.eurotherm.com\/?p=159064"},"modified":"2025-06-24T17:10:04","modified_gmt":"2025-06-24T09:10:04","slug":"echt-2025-prague","status":"publish","type":"post","link":"https:\/\/www.eurotherm.com\/fr\/eurotherm-previous-events-fr\/echt-2025-prague\/","title":{"rendered":"ECHT 2025, Prague, June 4\/6"},"content":{"rendered":"","protected":false},"excerpt":{"rendered":"","protected":false},"author":34,"featured_media":159541,"comment_status":"closed","ping_status":"open","sticky":false,"template":"","format":"standard","meta":{"_acf_changed":false,"_jetpack_memberships_contains_paid_content":false,"footnotes":""},"categories":[7730],"tags":[],"class_list":["post-159064","post","type-post","status-publish","format-standard","has-post-thumbnail","hentry","category-eurotherm-previous-events-fr"],"acf":[],"yoast_head":"<!-- This site is optimized with the Yoast SEO plugin v27.5 - https:\/\/yoast.com\/product\/yoast-seo-wordpress\/ -->\n<title>ECHT 2025, Prague, June 4\/6 | Eurotherm Limited<\/title>\n<meta name=\"description\" content=\"ECHT 2025, Prague, June 4\/6 | Eurotherm\" \/>\n<meta name=\"robots\" content=\"index, follow, max-snippet:-1, max-image-preview:large, max-video-preview:-1\" \/>\n<meta property=\"og:locale\" content=\"fr_FR\" \/>\n<meta property=\"og:type\" content=\"article\" \/>\n<meta property=\"og:title\" content=\"ECHT 2025, Prague, June 4\/6 | Eurotherm Limited\" \/>\n<meta property=\"og:url\" content=\"https:\/\/www.eurotherm.com\/fr\/eurotherm-previous-events-fr\/echt-2025-prague\/\" \/>\n<meta property=\"og:site_name\" content=\"Eurotherm Limited\" \/>\n<meta property=\"article:published_time\" content=\"2025-04-03T13:40:14+00:00\" \/>\n<meta property=\"article:modified_time\" content=\"2025-06-24T09:10:04+00:00\" \/>\n<meta property=\"og:image\" content=\"https:\/\/www.eurotherm.com\/wp-content\/uploads\/2025\/04\/iStock-1071409172_1500x600.jpg\" \/>\n\t<meta property=\"og:image:width\" content=\"1500\" \/>\n\t<meta property=\"og:image:height\" content=\"600\" \/>\n\t<meta property=\"og:image:type\" content=\"image\/jpeg\" \/>\n<meta name=\"author\" content=\"Federica Negroni\" \/>\n<meta name=\"twitter:card\" content=\"summary_large_image\" \/>\n<meta name=\"twitter:label1\" content=\"\u00c9crit par\" \/>\n\t<meta name=\"twitter:data1\" content=\"Federica Negroni\" \/>\n\t<meta name=\"twitter:label2\" content=\"Dur\u00e9e de lecture estim\u00e9e\" \/>\n\t<meta name=\"twitter:data2\" content=\"1 minute\" \/>\n<script type=\"application\/ld+json\" class=\"yoast-schema-graph\">{\"@context\":\"https:\\\/\\\/schema.org\",\"@graph\":[{\"@type\":\"Article\",\"@id\":\"https:\\\/\\\/www.eurotherm.com\\\/fr\\\/eurotherm-previous-events-fr\\\/echt-2025-prague\\\/#article\",\"isPartOf\":{\"@id\":\"https:\\\/\\\/www.eurotherm.com\\\/fr\\\/eurotherm-previous-events-fr\\\/echt-2025-prague\\\/\"},\"author\":{\"name\":\"Federica Negroni\",\"@id\":\"https:\\\/\\\/www.eurotherm.com\\\/fr\\\/#\\\/schema\\\/person\\\/b67b2aa41d9f1b237b6d948698841b0b\"},\"headline\":\"ECHT 2025, Prague, June 4\\\/6\",\"datePublished\":\"2025-04-03T13:40:14+00:00\",\"dateModified\":\"2025-06-24T09:10:04+00:00\",\"mainEntityOfPage\":{\"@id\":\"https:\\\/\\\/www.eurotherm.com\\\/fr\\\/eurotherm-previous-events-fr\\\/echt-2025-prague\\\/\"},\"wordCount\":3,\"image\":{\"@id\":\"https:\\\/\\\/www.eurotherm.com\\\/fr\\\/eurotherm-previous-events-fr\\\/echt-2025-prague\\\/#primaryimage\"},\"thumbnailUrl\":\"https:\\\/\\\/www.eurotherm.com\\\/wp-content\\\/uploads\\\/2025\\\/04\\\/iStock-1071409172_1500x600.jpg\",\"articleSection\":[\"Eurotherm Previous Events\"],\"inLanguage\":\"fr-FR\"},{\"@type\":\"WebPage\",\"@id\":\"https:\\\/\\\/www.eurotherm.com\\\/fr\\\/eurotherm-previous-events-fr\\\/echt-2025-prague\\\/\",\"url\":\"https:\\\/\\\/www.eurotherm.com\\\/fr\\\/eurotherm-previous-events-fr\\\/echt-2025-prague\\\/\",\"name\":\"ECHT 2025, Prague, June 4\\\/6 | Eurotherm Limited\",\"isPartOf\":{\"@id\":\"https:\\\/\\\/www.eurotherm.com\\\/fr\\\/#website\"},\"primaryImageOfPage\":{\"@id\":\"https:\\\/\\\/www.eurotherm.com\\\/fr\\\/eurotherm-previous-events-fr\\\/echt-2025-prague\\\/#primaryimage\"},\"image\":{\"@id\":\"https:\\\/\\\/www.eurotherm.com\\\/fr\\\/eurotherm-previous-events-fr\\\/echt-2025-prague\\\/#primaryimage\"},\"thumbnailUrl\":\"https:\\\/\\\/www.eurotherm.com\\\/wp-content\\\/uploads\\\/2025\\\/04\\\/iStock-1071409172_1500x600.jpg\",\"datePublished\":\"2025-04-03T13:40:14+00:00\",\"dateModified\":\"2025-06-24T09:10:04+00:00\",\"author\":{\"@id\":\"https:\\\/\\\/www.eurotherm.com\\\/fr\\\/#\\\/schema\\\/person\\\/b67b2aa41d9f1b237b6d948698841b0b\"},\"breadcrumb\":{\"@id\":\"https:\\\/\\\/www.eurotherm.com\\\/fr\\\/eurotherm-previous-events-fr\\\/echt-2025-prague\\\/#breadcrumb\"},\"inLanguage\":\"fr-FR\",\"potentialAction\":[{\"@type\":\"ReadAction\",\"target\":[\"https:\\\/\\\/www.eurotherm.com\\\/fr\\\/eurotherm-previous-events-fr\\\/echt-2025-prague\\\/\"]}]},{\"@type\":\"ImageObject\",\"inLanguage\":\"fr-FR\",\"@id\":\"https:\\\/\\\/www.eurotherm.com\\\/fr\\\/eurotherm-previous-events-fr\\\/echt-2025-prague\\\/#primaryimage\",\"url\":\"https:\\\/\\\/www.eurotherm.com\\\/wp-content\\\/uploads\\\/2025\\\/04\\\/iStock-1071409172_1500x600.jpg\",\"contentUrl\":\"https:\\\/\\\/www.eurotherm.com\\\/wp-content\\\/uploads\\\/2025\\\/04\\\/iStock-1071409172_1500x600.jpg\",\"width\":1500,\"height\":600},{\"@type\":\"BreadcrumbList\",\"@id\":\"https:\\\/\\\/www.eurotherm.com\\\/fr\\\/eurotherm-previous-events-fr\\\/echt-2025-prague\\\/#breadcrumb\",\"itemListElement\":[{\"@type\":\"ListItem\",\"position\":1,\"name\":\"Home\",\"item\":\"https:\\\/\\\/www.eurotherm.com\\\/fr\\\/\"},{\"@type\":\"ListItem\",\"position\":2,\"name\":\"Eurotherm Previous Events\",\"item\":\"https:\\\/\\\/www.eurotherm.com\\\/fr\\\/category\\\/eurotherm-previous-events-fr\\\/\"},{\"@type\":\"ListItem\",\"position\":3,\"name\":\"ECHT 2025, Prague, June 4\\\/6\"}]},{\"@type\":\"WebSite\",\"@id\":\"https:\\\/\\\/www.eurotherm.com\\\/fr\\\/#website\",\"url\":\"https:\\\/\\\/www.eurotherm.com\\\/fr\\\/\",\"name\":\"Eurotherm Limited\",\"description\":\"Temperature Control, Process Control, Measurement and Data Recording Solutions\",\"potentialAction\":[{\"@type\":\"SearchAction\",\"target\":{\"@type\":\"EntryPoint\",\"urlTemplate\":\"https:\\\/\\\/www.eurotherm.com\\\/fr\\\/?s={search_term_string}\"},\"query-input\":{\"@type\":\"PropertyValueSpecification\",\"valueRequired\":true,\"valueName\":\"search_term_string\"}}],\"inLanguage\":\"fr-FR\"},{\"@type\":\"Person\",\"@id\":\"https:\\\/\\\/www.eurotherm.com\\\/fr\\\/#\\\/schema\\\/person\\\/b67b2aa41d9f1b237b6d948698841b0b\",\"name\":\"Federica Negroni\",\"image\":{\"@type\":\"ImageObject\",\"inLanguage\":\"fr-FR\",\"@id\":\"https:\\\/\\\/secure.gravatar.com\\\/avatar\\\/4a3f64ae09685114fc09382dd2ccac5cda1be1367cc466d13ba6d683493a9a87?s=96&d=mm&r=g\",\"url\":\"https:\\\/\\\/secure.gravatar.com\\\/avatar\\\/4a3f64ae09685114fc09382dd2ccac5cda1be1367cc466d13ba6d683493a9a87?s=96&d=mm&r=g\",\"contentUrl\":\"https:\\\/\\\/secure.gravatar.com\\\/avatar\\\/4a3f64ae09685114fc09382dd2ccac5cda1be1367cc466d13ba6d683493a9a87?s=96&d=mm&r=g\",\"caption\":\"Federica Negroni\"}}]}<\/script>\n<!-- \/ Yoast SEO plugin. -->","yoast_head_json":{"title":"ECHT 2025, Prague, June 4\/6 | Eurotherm Limited","description":"ECHT 2025, Prague, June 4\/6 | Eurotherm","robots":{"index":"index","follow":"follow","max-snippet":"max-snippet:-1","max-image-preview":"max-image-preview:large","max-video-preview":"max-video-preview:-1"},"og_locale":"fr_FR","og_type":"article","og_title":"ECHT 2025, Prague, June 4\/6 | Eurotherm Limited","og_url":"https:\/\/www.eurotherm.com\/fr\/eurotherm-previous-events-fr\/echt-2025-prague\/","og_site_name":"Eurotherm Limited","article_published_time":"2025-04-03T13:40:14+00:00","article_modified_time":"2025-06-24T09:10:04+00:00","og_image":[{"width":1500,"height":600,"url":"https:\/\/www.eurotherm.com\/wp-content\/uploads\/2025\/04\/iStock-1071409172_1500x600.jpg","type":"image\/jpeg"}],"author":"Federica Negroni","twitter_card":"summary_large_image","twitter_misc":{"\u00c9crit par":"Federica Negroni","Dur\u00e9e de lecture estim\u00e9e":"1 minute"},"schema":{"@context":"https:\/\/schema.org","@graph":[{"@type":"Article","@id":"https:\/\/www.eurotherm.com\/fr\/eurotherm-previous-events-fr\/echt-2025-prague\/#article","isPartOf":{"@id":"https:\/\/www.eurotherm.com\/fr\/eurotherm-previous-events-fr\/echt-2025-prague\/"},"author":{"name":"Federica Negroni","@id":"https:\/\/www.eurotherm.com\/fr\/#\/schema\/person\/b67b2aa41d9f1b237b6d948698841b0b"},"headline":"ECHT 2025, Prague, June 4\/6","datePublished":"2025-04-03T13:40:14+00:00","dateModified":"2025-06-24T09:10:04+00:00","mainEntityOfPage":{"@id":"https:\/\/www.eurotherm.com\/fr\/eurotherm-previous-events-fr\/echt-2025-prague\/"},"wordCount":3,"image":{"@id":"https:\/\/www.eurotherm.com\/fr\/eurotherm-previous-events-fr\/echt-2025-prague\/#primaryimage"},"thumbnailUrl":"https:\/\/www.eurotherm.com\/wp-content\/uploads\/2025\/04\/iStock-1071409172_1500x600.jpg","articleSection":["Eurotherm Previous Events"],"inLanguage":"fr-FR"},{"@type":"WebPage","@id":"https:\/\/www.eurotherm.com\/fr\/eurotherm-previous-events-fr\/echt-2025-prague\/","url":"https:\/\/www.eurotherm.com\/fr\/eurotherm-previous-events-fr\/echt-2025-prague\/","name":"ECHT 2025, Prague, June 4\/6 | Eurotherm Limited","isPartOf":{"@id":"https:\/\/www.eurotherm.com\/fr\/#website"},"primaryImageOfPage":{"@id":"https:\/\/www.eurotherm.com\/fr\/eurotherm-previous-events-fr\/echt-2025-prague\/#primaryimage"},"image":{"@id":"https:\/\/www.eurotherm.com\/fr\/eurotherm-previous-events-fr\/echt-2025-prague\/#primaryimage"},"thumbnailUrl":"https:\/\/www.eurotherm.com\/wp-content\/uploads\/2025\/04\/iStock-1071409172_1500x600.jpg","datePublished":"2025-04-03T13:40:14+00:00","dateModified":"2025-06-24T09:10:04+00:00","author":{"@id":"https:\/\/www.eurotherm.com\/fr\/#\/schema\/person\/b67b2aa41d9f1b237b6d948698841b0b"},"breadcrumb":{"@id":"https:\/\/www.eurotherm.com\/fr\/eurotherm-previous-events-fr\/echt-2025-prague\/#breadcrumb"},"inLanguage":"fr-FR","potentialAction":[{"@type":"ReadAction","target":["https:\/\/www.eurotherm.com\/fr\/eurotherm-previous-events-fr\/echt-2025-prague\/"]}]},{"@type":"ImageObject","inLanguage":"fr-FR","@id":"https:\/\/www.eurotherm.com\/fr\/eurotherm-previous-events-fr\/echt-2025-prague\/#primaryimage","url":"https:\/\/www.eurotherm.com\/wp-content\/uploads\/2025\/04\/iStock-1071409172_1500x600.jpg","contentUrl":"https:\/\/www.eurotherm.com\/wp-content\/uploads\/2025\/04\/iStock-1071409172_1500x600.jpg","width":1500,"height":600},{"@type":"BreadcrumbList","@id":"https:\/\/www.eurotherm.com\/fr\/eurotherm-previous-events-fr\/echt-2025-prague\/#breadcrumb","itemListElement":[{"@type":"ListItem","position":1,"name":"Home","item":"https:\/\/www.eurotherm.com\/fr\/"},{"@type":"ListItem","position":2,"name":"Eurotherm Previous Events","item":"https:\/\/www.eurotherm.com\/fr\/category\/eurotherm-previous-events-fr\/"},{"@type":"ListItem","position":3,"name":"ECHT 2025, Prague, June 4\/6"}]},{"@type":"WebSite","@id":"https:\/\/www.eurotherm.com\/fr\/#website","url":"https:\/\/www.eurotherm.com\/fr\/","name":"Eurotherm Limited","description":"Temperature Control, Process Control, Measurement and Data Recording Solutions","potentialAction":[{"@type":"SearchAction","target":{"@type":"EntryPoint","urlTemplate":"https:\/\/www.eurotherm.com\/fr\/?s={search_term_string}"},"query-input":{"@type":"PropertyValueSpecification","valueRequired":true,"valueName":"search_term_string"}}],"inLanguage":"fr-FR"},{"@type":"Person","@id":"https:\/\/www.eurotherm.com\/fr\/#\/schema\/person\/b67b2aa41d9f1b237b6d948698841b0b","name":"Federica Negroni","image":{"@type":"ImageObject","inLanguage":"fr-FR","@id":"https:\/\/secure.gravatar.com\/avatar\/4a3f64ae09685114fc09382dd2ccac5cda1be1367cc466d13ba6d683493a9a87?s=96&d=mm&r=g","url":"https:\/\/secure.gravatar.com\/avatar\/4a3f64ae09685114fc09382dd2ccac5cda1be1367cc466d13ba6d683493a9a87?s=96&d=mm&r=g","contentUrl":"https:\/\/secure.gravatar.com\/avatar\/4a3f64ae09685114fc09382dd2ccac5cda1be1367cc466d13ba6d683493a9a87?s=96&d=mm&r=g","caption":"Federica Negroni"}}]}},"jetpack_featured_media_url":"https:\/\/www.eurotherm.com\/wp-content\/uploads\/2025\/04\/iStock-1071409172_1500x600.jpg","jetpack_sharing_enabled":true,"_links":{"self":[{"href":"https:\/\/www.eurotherm.com\/fr\/wp-json\/wp\/v2\/posts\/159064","targetHints":{"allow":["GET"]}}],"collection":[{"href":"https:\/\/www.eurotherm.com\/fr\/wp-json\/wp\/v2\/posts"}],"about":[{"href":"https:\/\/www.eurotherm.com\/fr\/wp-json\/wp\/v2\/types\/post"}],"author":[{"embeddable":true,"href":"https:\/\/www.eurotherm.com\/fr\/wp-json\/wp\/v2\/users\/34"}],"replies":[{"embeddable":true,"href":"https:\/\/www.eurotherm.com\/fr\/wp-json\/wp\/v2\/comments?post=159064"}],"version-history":[{"count":16,"href":"https:\/\/www.eurotherm.com\/fr\/wp-json\/wp\/v2\/posts\/159064\/revisions"}],"predecessor-version":[{"id":159888,"href":"https:\/\/www.eurotherm.com\/fr\/wp-json\/wp\/v2\/posts\/159064\/revisions\/159888"}],"wp:featuredmedia":[{"embeddable":true,"href":"https:\/\/www.eurotherm.com\/fr\/wp-json\/wp\/v2\/media\/159541"}],"wp:attachment":[{"href":"https:\/\/www.eurotherm.com\/fr\/wp-json\/wp\/v2\/media?parent=159064"}],"wp:term":[{"taxonomy":"category","embeddable":true,"href":"https:\/\/www.eurotherm.com\/fr\/wp-json\/wp\/v2\/categories?post=159064"},{"taxonomy":"post_tag","embeddable":true,"href":"https:\/\/www.eurotherm.com\/fr\/wp-json\/wp\/v2\/tags?post=159064"}],"curies":[{"name":"wp","href":"https:\/\/api.w.org\/{rel}","templated":true}]}}